{"id":402,"date":"2022-05-02T07:34:00","date_gmt":"2022-05-02T07:34:00","guid":{"rendered":"https:\/\/www.aif.org.es\/?p=402"},"modified":"2022-07-25T07:49:22","modified_gmt":"2022-07-25T07:49:22","slug":"yo-ya-he-pasado-por-ello","status":"publish","type":"post","link":"https:\/\/aif.org.es\/?p=402","title":{"rendered":"Yo ya he pasado por ello"},"content":{"rendered":"\n<p>El pasado s\u00e1bado 30 de abril tuvimos una actividad muy especial que realizamos en el CEIP Portal Nou. Gracias a Jos\u00e9 Sedano, adulto de la asociaci\u00f3n, las personas adolescentes de la asociaci\u00f3n tuvieron la oportunidad de preguntar a un adulto sobre sus inquietudes, sus dudas y preocupaciones relacionadas con el futuro. <\/p>\n\n\n\n<p>Jos\u00e9 respondi\u00f3 a todas sus preguntas y les ofreci\u00f3 consejo desde su experiencia vital. <\/p>\n\n\n\n<p>Desde la asociaci\u00f3n estamos convencidas que actividades como esta son super importantes. Las personas adultas de la asociaci\u00f3n tienen mucho que ense\u00f1ar y que aportar. Queremos que experiencias como esta  sirvan de precedente para organizar m\u00e1s en el futuro. <\/p>\n\n\n<div class=\"wp-block-image\">\n<figure class=\"aligncenter size-large is-resized\"><img loading=\"lazy\" decoding=\"async\" src=\"http:\/\/www.aif.org.es\/wp-content\/uploads\/2022\/07\/YO-YA-HE-PASADO-POR-ELLO-Coloquio-e1658734688602-913x1024.jpg\" alt=\"\" class=\"wp-image-403\" width=\"342\" height=\"384\" srcset=\"https:\/\/aif.org.es\/wp-content\/uploads\/2022\/07\/YO-YA-HE-PASADO-POR-ELLO-Coloquio-e1658734688602-913x1024.jpg 913w, https:\/\/aif.org.es\/wp-content\/uploads\/2022\/07\/YO-YA-HE-PASADO-POR-ELLO-Coloquio-e1658734688602-268x300.jpg 268w, https:\/\/aif.org.es\/wp-content\/uploads\/2022\/07\/YO-YA-HE-PASADO-POR-ELLO-Coloquio-e1658734688602-768x861.jpg 768w, https:\/\/aif.org.es\/wp-content\/uploads\/2022\/07\/YO-YA-HE-PASADO-POR-ELLO-Coloquio-e1658734688602-660x740.jpg 660w, https:\/\/aif.org.es\/wp-content\/uploads\/2022\/07\/YO-YA-HE-PASADO-POR-ELLO-Coloquio-e1658734688602.jpg 1000w\" sizes=\"auto, (max-width: 342px) 100vw, 342px\" \/><\/figure>\n<\/div>\n\n\n<p>Agradecer a Jose por su iniciativa, y al CEIP Portal Nou, al Ayuntamiento de Ibiza, Consell d&#8217;Eivissa y Govern de les Illes Balears por su apoyo para poder realizar actividades de este tipo. <\/p>\n","protected":false},"excerpt":{"rendered":"<p>El pasado s\u00e1bado 30 de abril tuvimos una actividad muy especial que realizamos en el CEIP Portal Nou. Gracias a Jos\u00e9 Sedano, adulto de la asociaci\u00f3n, las personas adolescentes de la asociaci\u00f3n tuvieron la oportunidad de preguntar a un adulto sobre sus inquietudes, sus dudas y preocupaciones relacionadas con el futuro. Jos\u00e9 respondi\u00f3 a todas\u2026 <span class=\"read-more\"><a href=\"https:\/\/aif.org.es\/?p=402\">Leer m\u00e1s &raquo;<\/a><\/span><\/p>\n","protected":false},"author":1,"featured_media":0,"comment_status":"open","ping_status":"open","sticky":false,"template":"","format":"standard","meta":{"footnotes":""},"categories":[1],"tags":[],"class_list":["post-402","post","type-post","status-publish","format-standard","hentry","category-sin-categoria"],"_links":{"self":[{"href":"https:\/\/aif.org.es\/index.php?rest_route=\/wp\/v2\/posts\/402","targetHints":{"allow":["GET"]}}],"collection":[{"href":"https:\/\/aif.org.es\/index.php?rest_route=\/wp\/v2\/posts"}],"about":[{"href":"https:\/\/aif.org.es\/index.php?rest_route=\/wp\/v2\/types\/post"}],"author":[{"embeddable":true,"href":"https:\/\/aif.org.es\/index.php?rest_route=\/wp\/v2\/users\/1"}],"replies":[{"embeddable":true,"href":"https:\/\/aif.org.es\/index.php?rest_route=%2Fwp%2Fv2%2Fcomments&post=402"}],"version-history":[{"count":1,"href":"https:\/\/aif.org.es\/index.php?rest_route=\/wp\/v2\/posts\/402\/revisions"}],"predecessor-version":[{"id":404,"href":"https:\/\/aif.org.es\/index.php?rest_route=\/wp\/v2\/posts\/402\/revisions\/404"}],"wp:attachment":[{"href":"https:\/\/aif.org.es\/index.php?rest_route=%2Fwp%2Fv2%2Fmedia&parent=402"}],"wp:term":[{"taxonomy":"category","embeddable":true,"href":"https:\/\/aif.org.es\/index.php?rest_route=%2Fwp%2Fv2%2Fcategories&post=402"},{"taxonomy":"post_tag","embeddable":true,"href":"https:\/\/aif.org.es\/index.php?rest_route=%2Fwp%2Fv2%2Ftags&post=402"}],"curies":[{"name":"wp","href":"https:\/\/api.w.org\/{rel}","templated":true}]}}